{"id":108918,"date":"2026-08-31T09:17:00","date_gmt":"2026-08-31T06:17:00","guid":{"rendered":"https:\/\/www.north-pulse.net\/?p=108918"},"modified":"2026-08-31T09:17:00","modified_gmt":"2026-08-31T06:17:00","slug":"perwerde-bi-kurdi-mafe-bingehin-e-zaroke-kurd-u-garantiyek-ji-bo-parastina-ziman-u-nasnameya-wi","status":"publish","type":"post","link":"https:\/\/www.north-pulse.net\/?p=108918","title":{"rendered":"Perwerde bi Kurd\u00ee.. Maf\u00ea bingeh\u00een \u00ea zarok\u00ea Kurd \u00fb garantiyek ji bo parastina ziman \u00fb nasnameya w\u00ee"},"content":{"rendered":"<p>Maf\u00ea zarok\u00ea Kurd ku bi ziman\u00ea dayik\u00ea xwe, Kurd\u00ee, f\u00ear bibe, yek ji maf\u00ean bingeh\u00een \u00ean perwerde \u00fb \u00e7and\u00ee ye. Ev maf ne ten\u00ea bi dersdana ziman\u00ea Kurd\u00ee wek\u00ee madeyek\u00ea ve gir\u00eaday\u00ee ye, l\u00ea dihew\u00eene ku ziman\u00ea Kurd\u00ee bibe ziman\u00ea perwerde \u00fb veguhastina zan\u00een\u00ea.<\/p>\n<p>&nbsp;<\/p>\n<p>Perwerde bi ziman\u00ea dayik\u00ea di avakirina wekheviy\u00ea de roleke gir\u00eeng dil\u00eeze \u00fb dibe sedem ku ziman \u00fb \u00e7anda zarokan b\u00eane parastin. Herwiha, ev yek hesta gir\u00eadana zarok\u00ee bi ziman, nasname \u00fb civaka xwe xurtir dike \u00fb baweriya wan di hundir\u00ea dibistan\u00ea de z\u00eade dike.<\/p>\n<p>&nbsp;<\/p>\n<p>Pejirandina Kurd\u00ee wek\u00ee ziman\u00ea perwerdey\u00ea ne li dij\u00ee ziman\u00ea Ereb\u00ee an j\u00ee maf\u00ean ax\u00eaver\u00ean w\u00ea ye, l\u00ea bel\u00ea prens\u00eeba pirziman\u00ee \u00fb pir\u00e7and\u00ee xurtir dike \u00fb dikare bingehek ji bo avakirina haw\u00eerdoreke perwerdehiya dadperwer \u00fb wekhev di navbera hem\u00fb p\u00eakhatey\u00ean civaka S\u00fbriy\u00ea de be.<\/p>\n<p>&nbsp;<\/p>\n<p>Di v\u00ea \u00e7ar\u00e7ovey\u00ea de, div\u00ea c\u00fbdahiya di navbera f\u00earb\u00fbna ziman\u00ea Kurd\u00ee \u00fb perwerdehiya bi ziman\u00ea Kurd\u00ee de b\u00ea zan\u00een. F\u00earb\u00fbna Kurd\u00ee ten\u00ea wateya xwendina ziman\u00ea Kurd\u00ee wek\u00ee ders\u00ea ye, l\u00ea perwerdehiya bi Kurd\u00ee dih\u00eale zarok zanist \u00fb zan\u00een\u00ea bi ziman\u00ea dayik\u00ea xwe bist\u00eene.<\/p>\n<p>&nbsp;<\/p>\n<p>Ji ber v\u00ea yek\u00ea, misoger kirina perwerdehiya bi ziman\u00ea Kurd\u00ee ne \u00eemtiyazek ji bo komeke civak\u00ee ye, l\u00ea gaveke bingeh\u00een e ji bo p\u00eakan\u00eena wekheviya rast\u00een \u00fb nas\u00eena maf\u00ea her zarok\u00ee ku bi ziman\u00ea dayik\u00ea xwe f\u00ear bibe \u00fb ziman, \u00e7and \u00fb nasnameya xwe bipar\u00eaze.<\/p>\n","protected":false},"excerpt":{"rendered":"<p>Maf\u00ea zarok\u00ea Kurd ku bi ziman\u00ea dayik\u00ea xwe, Kurd\u00ee, f\u00ear bibe, yek ji maf\u00ean bingeh\u00een \u00ean perwerde \u00fb \u00e7and\u00ee ye. Ev maf ne ten\u00ea bi dersdana ziman\u00ea Kurd\u00ee wek\u00ee madeyek\u00ea ve gir\u00eaday\u00ee ye, l\u00ea dihew\u00eene ku ziman\u00ea Kurd\u00ee bibe ziman\u00ea perwerde \u00fb veguhastina zan\u00een\u00ea. &nbsp; Perwerde bi ziman\u00ea dayik\u00ea di avakirina wekheviy\u00ea de roleke gir\u00eeng [&hellip;]<\/p>\n","protected":false},"author":11,"featured_media":108919,"comment_status":"closed","ping_status":"open","sticky":false,"template":"","format":"standard","meta":{"footnotes":""},"categories":[1],"tags":[],"class_list":["post-108918","post","type-post","status-publish","format-standard","has-post-thumbnail","hentry","category-east"],"_links":{"self":[{"href":"https:\/\/www.north-pulse.net\/index.php?rest_route=\/wp\/v2\/posts\/108918","targetHints":{"allow":["GET"]}}],"collection":[{"href":"https:\/\/www.north-pulse.net\/index.php?rest_route=\/wp\/v2\/posts"}],"about":[{"href":"https:\/\/www.north-pulse.net\/index.php?rest_route=\/wp\/v2\/types\/post"}],"author":[{"embeddable":true,"href":"https:\/\/www.north-pulse.net\/index.php?rest_route=\/wp\/v2\/users\/11"}],"replies":[{"embeddable":true,"href":"https:\/\/www.north-pulse.net\/index.php?rest_route=%2Fwp%2Fv2%2Fcomments&post=108918"}],"version-history":[{"count":1,"href":"https:\/\/www.north-pulse.net\/index.php?rest_route=\/wp\/v2\/posts\/108918\/revisions"}],"predecessor-version":[{"id":108920,"href":"https:\/\/www.north-pulse.net\/index.php?rest_route=\/wp\/v2\/posts\/108918\/revisions\/108920"}],"wp:featuredmedia":[{"embeddable":true,"href":"https:\/\/www.north-pulse.net\/index.php?rest_route=\/wp\/v2\/media\/108919"}],"wp:attachment":[{"href":"https:\/\/www.north-pulse.net\/index.php?rest_route=%2Fwp%2Fv2%2Fmedia&parent=108918"}],"wp:term":[{"taxonomy":"category","embeddable":true,"href":"https:\/\/www.north-pulse.net\/index.php?rest_route=%2Fwp%2Fv2%2Fcategories&post=108918"},{"taxonomy":"post_tag","embeddable":true,"href":"https:\/\/www.north-pulse.net\/index.php?rest_route=%2Fwp%2Fv2%2Ftags&post=108918"}],"curies":[{"name":"wp","href":"https:\/\/api.w.org\/{rel}","templated":true}]}}