{"id":108939,"date":"2026-08-31T23:37:34","date_gmt":"2026-08-31T20:37:34","guid":{"rendered":"https:\/\/www.north-pulse.net\/?p=108939"},"modified":"2026-08-31T23:37:34","modified_gmt":"2026-08-31T20:37:34","slug":"li-heseke-u-qamislo-protesto-li-diji-kemkirina-dersen-kurdi-u-daxwaza-garantikirina-we-di-desture-de","status":"publish","type":"post","link":"https:\/\/www.north-pulse.net\/?p=108939","title":{"rendered":"Li Hesek\u00ea \u00fb Qami\u015flo protesto li dij\u00ee k\u00eamkirina ders\u00ean Kurd\u00ee \u00fb daxwaza garant\u00eekirina w\u00ea di Dest\u00fbr\u00ea de"},"content":{"rendered":"<p>Li bajar\u00ean Hesek\u00ea \u00fb Qami\u015flo du \u00e7alakiy\u00ean protestoy\u00ee hatin lidarxistin. Mamostey\u00ean ziman\u00ea Kurd\u00ee, xwendekar \u00fb malbat\u00ean wan be\u015fdar\u00ee van \u00e7alakiyan b\u00fbn \u00fb li dij\u00ee biryara Wezareta Perwerde \u00fb F\u00eargeh\u00ea ya S\u00fbriy\u00ea derketin ku ziman\u00ea Kurd\u00ee ten\u00ea 3 ders\u00ean di heftey\u00ea de diyar dike \u00fb wek\u00ee mijareke bijart\u00ee hesab dike.<\/p>\n<p>&nbsp;<\/p>\n<p>Protestokaran daxwaza guherandina biryar\u00ea, pejirandina Kurd\u00ee wek\u00ee ziman\u00ea bingeh\u00een \u00ea perwerdehiy\u00ea \u00fb garant\u00eekirina maf\u00ea xwendekaran ji bo xwendina bi ziman\u00ea Kurd\u00ee kirin. Her wiha daxwaz kirin ku ziman\u00ea Kurd\u00ee di Dest\u00fbra S\u00fbriy\u00ea de wek\u00ee zimanek\u00ee ferm\u00ee were nas\u00een \u00fb maf\u00ea perwerdehiya bi v\u00ee ziman\u00ee were garant\u00eekirin.<\/p>\n","protected":false},"excerpt":{"rendered":"<p>Li bajar\u00ean Hesek\u00ea \u00fb Qami\u015flo du \u00e7alakiy\u00ean protestoy\u00ee hatin lidarxistin. Mamostey\u00ean ziman\u00ea Kurd\u00ee, xwendekar \u00fb malbat\u00ean wan be\u015fdar\u00ee van \u00e7alakiyan b\u00fbn \u00fb li dij\u00ee biryara Wezareta Perwerde \u00fb F\u00eargeh\u00ea ya S\u00fbriy\u00ea derketin ku ziman\u00ea Kurd\u00ee ten\u00ea 3 ders\u00ean di heftey\u00ea de diyar dike \u00fb wek\u00ee mijareke bijart\u00ee hesab dike. &nbsp; Protestokaran daxwaza guherandina biryar\u00ea, pejirandina [&hellip;]<\/p>\n","protected":false},"author":11,"featured_media":108940,"comment_status":"closed","ping_status":"open","sticky":false,"template":"","format":"standard","meta":{"footnotes":""},"categories":[1],"tags":[],"class_list":["post-108939","post","type-post","status-publish","format-standard","has-post-thumbnail","hentry","category-east"],"_links":{"self":[{"href":"https:\/\/www.north-pulse.net\/index.php?rest_route=\/wp\/v2\/posts\/108939","targetHints":{"allow":["GET"]}}],"collection":[{"href":"https:\/\/www.north-pulse.net\/index.php?rest_route=\/wp\/v2\/posts"}],"about":[{"href":"https:\/\/www.north-pulse.net\/index.php?rest_route=\/wp\/v2\/types\/post"}],"author":[{"embeddable":true,"href":"https:\/\/www.north-pulse.net\/index.php?rest_route=\/wp\/v2\/users\/11"}],"replies":[{"embeddable":true,"href":"https:\/\/www.north-pulse.net\/index.php?rest_route=%2Fwp%2Fv2%2Fcomments&post=108939"}],"version-history":[{"count":1,"href":"https:\/\/www.north-pulse.net\/index.php?rest_route=\/wp\/v2\/posts\/108939\/revisions"}],"predecessor-version":[{"id":108941,"href":"https:\/\/www.north-pulse.net\/index.php?rest_route=\/wp\/v2\/posts\/108939\/revisions\/108941"}],"wp:featuredmedia":[{"embeddable":true,"href":"https:\/\/www.north-pulse.net\/index.php?rest_route=\/wp\/v2\/media\/108940"}],"wp:attachment":[{"href":"https:\/\/www.north-pulse.net\/index.php?rest_route=%2Fwp%2Fv2%2Fmedia&parent=108939"}],"wp:term":[{"taxonomy":"category","embeddable":true,"href":"https:\/\/www.north-pulse.net\/index.php?rest_route=%2Fwp%2Fv2%2Fcategories&post=108939"},{"taxonomy":"post_tag","embeddable":true,"href":"https:\/\/www.north-pulse.net\/index.php?rest_route=%2Fwp%2Fv2%2Ftags&post=108939"}],"curies":[{"name":"wp","href":"https:\/\/api.w.org\/{rel}","templated":true}]}}